{"id":1222,"date":"2023-01-30T19:36:54","date_gmt":"2023-01-30T18:36:54","guid":{"rendered":"http:\/\/www.hof-gorisen.ch\/?p=1222"},"modified":"2023-02-25T15:48:38","modified_gmt":"2023-02-25T14:48:38","slug":"unsere-welpen-sind-da-r-wurf-29-01-2023","status":"publish","type":"post","link":"http:\/\/www.hof-gorisen.ch\/?p=1222","title":{"rendered":"Unsere Welpen sind da! R-Wurf 29.01.2023"},"content":{"rendered":"\n<figure class=\"wp-block-gallery has-nested-images columns-default is-cropped wp-block-gallery-1 is-layout-flex wp-block-gallery-is-layout-flex\">\n<figure class=\"wp-block-image size-large\"><a href=\"http:\/\/www.hof-gorisen.ch\/wp-content\/uploads\/2023\/01\/IMG_4214-scaled.jpeg\"><img loading=\"lazy\" decoding=\"async\" width=\"1024\" height=\"768\" data-id=\"1220\" src=\"http:\/\/www.hof-gorisen.ch\/wp-content\/uploads\/2023\/01\/IMG_4214-1024x768.jpeg\" alt=\"\" class=\"wp-image-1220\" srcset=\"http:\/\/www.hof-gorisen.ch\/wp-content\/uploads\/2023\/01\/IMG_4214-1024x768.jpeg 1024w, http:\/\/www.hof-gorisen.ch\/wp-content\/uploads\/2023\/01\/IMG_4214-300x225.jpeg 300w, http:\/\/www.hof-gorisen.ch\/wp-content\/uploads\/2023\/01\/IMG_4214-768x576.jpeg 768w, http:\/\/www.hof-gorisen.ch\/wp-content\/uploads\/2023\/01\/IMG_4214-1536x1152.jpeg 1536w, http:\/\/www.hof-gorisen.ch\/wp-content\/uploads\/2023\/01\/IMG_4214-2048x1536.jpeg 2048w\" sizes=\"auto, (max-width: 1024px) 100vw, 1024px\" \/><\/a><\/figure>\n\n\n\n<figure class=\"wp-block-image size-large\"><a href=\"http:\/\/www.hof-gorisen.ch\/wp-content\/uploads\/2023\/01\/IMG_4203-1-scaled.jpeg\"><img loading=\"lazy\" decoding=\"async\" width=\"1024\" height=\"768\" data-id=\"1219\" src=\"http:\/\/www.hof-gorisen.ch\/wp-content\/uploads\/2023\/01\/IMG_4203-1-1024x768.jpeg\" alt=\"\" class=\"wp-image-1219\" srcset=\"http:\/\/www.hof-gorisen.ch\/wp-content\/uploads\/2023\/01\/IMG_4203-1-1024x768.jpeg 1024w, http:\/\/www.hof-gorisen.ch\/wp-content\/uploads\/2023\/01\/IMG_4203-1-300x225.jpeg 300w, http:\/\/www.hof-gorisen.ch\/wp-content\/uploads\/2023\/01\/IMG_4203-1-768x576.jpeg 768w, http:\/\/www.hof-gorisen.ch\/wp-content\/uploads\/2023\/01\/IMG_4203-1-1536x1152.jpeg 1536w, http:\/\/www.hof-gorisen.ch\/wp-content\/uploads\/2023\/01\/IMG_4203-1-2048x1536.jpeg 2048w\" sizes=\"auto, (max-width: 1024px) 100vw, 1024px\" \/><\/a><\/figure>\n\n\n\n<figure class=\"wp-block-image size-large\"><a href=\"http:\/\/www.hof-gorisen.ch\/wp-content\/uploads\/2023\/01\/IMG_4190-scaled.jpeg\"><img loading=\"lazy\" decoding=\"async\" width=\"1024\" height=\"768\" data-id=\"1218\" src=\"http:\/\/www.hof-gorisen.ch\/wp-content\/uploads\/2023\/01\/IMG_4190-1024x768.jpeg\" alt=\"\" class=\"wp-image-1218\" srcset=\"http:\/\/www.hof-gorisen.ch\/wp-content\/uploads\/2023\/01\/IMG_4190-1024x768.jpeg 1024w, http:\/\/www.hof-gorisen.ch\/wp-content\/uploads\/2023\/01\/IMG_4190-300x225.jpeg 300w, http:\/\/www.hof-gorisen.ch\/wp-content\/uploads\/2023\/01\/IMG_4190-768x576.jpeg 768w, http:\/\/www.hof-gorisen.ch\/wp-content\/uploads\/2023\/01\/IMG_4190-1536x1152.jpeg 1536w, http:\/\/www.hof-gorisen.ch\/wp-content\/uploads\/2023\/01\/IMG_4190-2048x1536.jpeg 2048w\" sizes=\"auto, (max-width: 1024px) 100vw, 1024px\" \/><\/a><\/figure>\n<\/figure>\n\n\n\n<h2 class=\"wp-block-heading\">Wir freuen uns auf die kommenden Wochen mit den Welpen von Mira und Barclay. Was f\u00fcr eine \u00dcberraschung das wir 4 H\u00fcndinnen  und 5 R\u00fcden willkommen heissen durften nachdem im Ultraschall nur wenige Welpen gesehen wurden \ud83d\ude42<\/h2>\n\n\n\n<h2 class=\"wp-block-heading\">! Unsere Welpen sind alle reserviert !<\/h2>\n","protected":false},"excerpt":{"rendered":"<p>Wir freuen uns auf die kommenden Wochen mit den Welpen von Mira und Barclay. Was f\u00fcr eine \u00dcberraschung das wir<\/p>\n","protected":false},"author":1,"featured_media":1217,"comment_status":"closed","ping_status":"closed","sticky":false,"template":"","format":"standard","meta":{"footnotes":""},"categories":[1,20],"tags":[],"class_list":["post-1222","post","type-post","status-publish","format-standard","has-post-thumbnail","hentry","category-allgemein","category-r-wurf"],"_links":{"self":[{"href":"http:\/\/www.hof-gorisen.ch\/index.php?rest_route=\/wp\/v2\/posts\/1222","targetHints":{"allow":["GET"]}}],"collection":[{"href":"http:\/\/www.hof-gorisen.ch\/index.php?rest_route=\/wp\/v2\/posts"}],"about":[{"href":"http:\/\/www.hof-gorisen.ch\/index.php?rest_route=\/wp\/v2\/types\/post"}],"author":[{"embeddable":true,"href":"http:\/\/www.hof-gorisen.ch\/index.php?rest_route=\/wp\/v2\/users\/1"}],"replies":[{"embeddable":true,"href":"http:\/\/www.hof-gorisen.ch\/index.php?rest_route=%2Fwp%2Fv2%2Fcomments&post=1222"}],"version-history":[{"count":4,"href":"http:\/\/www.hof-gorisen.ch\/index.php?rest_route=\/wp\/v2\/posts\/1222\/revisions"}],"predecessor-version":[{"id":1256,"href":"http:\/\/www.hof-gorisen.ch\/index.php?rest_route=\/wp\/v2\/posts\/1222\/revisions\/1256"}],"wp:featuredmedia":[{"embeddable":true,"href":"http:\/\/www.hof-gorisen.ch\/index.php?rest_route=\/wp\/v2\/media\/1217"}],"wp:attachment":[{"href":"http:\/\/www.hof-gorisen.ch\/index.php?rest_route=%2Fwp%2Fv2%2Fmedia&parent=1222"}],"wp:term":[{"taxonomy":"category","embeddable":true,"href":"http:\/\/www.hof-gorisen.ch\/index.php?rest_route=%2Fwp%2Fv2%2Fcategories&post=1222"},{"taxonomy":"post_tag","embeddable":true,"href":"http:\/\/www.hof-gorisen.ch\/index.php?rest_route=%2Fwp%2Fv2%2Ftags&post=1222"}],"curies":[{"name":"wp","href":"https:\/\/api.w.org\/{rel}","templated":true}]}}