{"id":1300,"date":"2023-11-04T10:20:54","date_gmt":"2023-11-04T09:20:54","guid":{"rendered":"https:\/\/www.hof-gorisen.ch\/?p=1300"},"modified":"2023-12-24T08:06:05","modified_gmt":"2023-12-24T07:06:05","slug":"millie-und-michis-welpen-sind-da-31-oktober-2023","status":"publish","type":"post","link":"http:\/\/www.hof-gorisen.ch\/?p=1300","title":{"rendered":"Millie und Michis Welpen sind da!                                  31. Oktober 2023"},"content":{"rendered":"\n<figure class=\"wp-block-image size-full is-resized\"><a href=\"https:\/\/www.hof-gorisen.ch\/wp-content\/uploads\/2023\/11\/A3CD09DF-0074-450A-ABAC-AEC660BD545B_1_105_c.jpeg\"><img loading=\"lazy\" decoding=\"async\" width=\"769\" height=\"1024\" src=\"https:\/\/www.hof-gorisen.ch\/wp-content\/uploads\/2023\/11\/A3CD09DF-0074-450A-ABAC-AEC660BD545B_1_105_c.jpeg\" alt=\"\" class=\"wp-image-1307\" style=\"aspect-ratio:0.7509765625;width:880px;height:auto\" srcset=\"http:\/\/www.hof-gorisen.ch\/wp-content\/uploads\/2023\/11\/A3CD09DF-0074-450A-ABAC-AEC660BD545B_1_105_c.jpeg 769w, http:\/\/www.hof-gorisen.ch\/wp-content\/uploads\/2023\/11\/A3CD09DF-0074-450A-ABAC-AEC660BD545B_1_105_c-225x300.jpeg 225w\" sizes=\"auto, (max-width: 769px) 100vw, 769px\" \/><\/a><\/figure>\n\n\n\n<figure class=\"wp-block-image size-full\"><a href=\"https:\/\/www.hof-gorisen.ch\/wp-content\/uploads\/2023\/11\/3FEB19E8-51CE-4B60-AB5D-CAE998204110.heic\"><img decoding=\"async\" src=\"https:\/\/www.hof-gorisen.ch\/wp-content\/uploads\/2023\/11\/3FEB19E8-51CE-4B60-AB5D-CAE998204110.heic\" alt=\"\" class=\"wp-image-1303\"\/><\/a><\/figure>\n\n\n\n<figure class=\"wp-block-image size-full\"><a href=\"https:\/\/www.hof-gorisen.ch\/wp-content\/uploads\/2023\/11\/DB2CCE27-D0E7-42F1-B81F-FD93B67B913D_1_105_c-1.jpeg\"><img loading=\"lazy\" decoding=\"async\" width=\"1024\" height=\"769\" src=\"https:\/\/www.hof-gorisen.ch\/wp-content\/uploads\/2023\/11\/DB2CCE27-D0E7-42F1-B81F-FD93B67B913D_1_105_c-1.jpeg\" alt=\"\" class=\"wp-image-1308\" srcset=\"http:\/\/www.hof-gorisen.ch\/wp-content\/uploads\/2023\/11\/DB2CCE27-D0E7-42F1-B81F-FD93B67B913D_1_105_c-1.jpeg 1024w, http:\/\/www.hof-gorisen.ch\/wp-content\/uploads\/2023\/11\/DB2CCE27-D0E7-42F1-B81F-FD93B67B913D_1_105_c-1-300x225.jpeg 300w, http:\/\/www.hof-gorisen.ch\/wp-content\/uploads\/2023\/11\/DB2CCE27-D0E7-42F1-B81F-FD93B67B913D_1_105_c-1-768x577.jpeg 768w\" sizes=\"auto, (max-width: 1024px) 100vw, 1024px\" \/><\/a><\/figure>\n\n\n\n<figure class=\"wp-block-image size-full\"><a href=\"https:\/\/www.hof-gorisen.ch\/wp-content\/uploads\/2023\/11\/35632BAE-8857-4607-B4B9-45BA007D6DB2_1_105_c.jpeg\"><img loading=\"lazy\" decoding=\"async\" width=\"769\" height=\"1024\" src=\"https:\/\/www.hof-gorisen.ch\/wp-content\/uploads\/2023\/11\/35632BAE-8857-4607-B4B9-45BA007D6DB2_1_105_c.jpeg\" alt=\"\" class=\"wp-image-1309\" srcset=\"http:\/\/www.hof-gorisen.ch\/wp-content\/uploads\/2023\/11\/35632BAE-8857-4607-B4B9-45BA007D6DB2_1_105_c.jpeg 769w, http:\/\/www.hof-gorisen.ch\/wp-content\/uploads\/2023\/11\/35632BAE-8857-4607-B4B9-45BA007D6DB2_1_105_c-225x300.jpeg 225w\" sizes=\"auto, (max-width: 769px) 100vw, 769px\" \/><\/a><\/figure>\n\n\n\n<h2 class=\"wp-block-heading\">Wir freuen uns sehr \u00fcber Millies und Michis zauberhafte Welpen. Es sind 6 R\u00fcden und 1 H\u00fcndin. Ein kleiner R\u00fcde hat es leider nicht geschaft und ist nun ein kleiner Stern. <\/h2>\n","protected":false},"excerpt":{"rendered":"<p>Wir freuen uns sehr \u00fcber Millies und Michis zauberhafte Welpen. Es sind 6 R\u00fcden und 1 H\u00fcndin. Ein kleiner R\u00fcde<\/p>\n","protected":false},"author":1,"featured_media":1308,"comment_status":"closed","ping_status":"closed","sticky":false,"template":"","format":"standard","meta":{"footnotes":""},"categories":[1,22],"tags":[],"class_list":["post-1300","post","type-post","status-publish","format-standard","has-post-thumbnail","hentry","category-allgemein","category-t-wurf"],"_links":{"self":[{"href":"http:\/\/www.hof-gorisen.ch\/index.php?rest_route=\/wp\/v2\/posts\/1300","targetHints":{"allow":["GET"]}}],"collection":[{"href":"http:\/\/www.hof-gorisen.ch\/index.php?rest_route=\/wp\/v2\/posts"}],"about":[{"href":"http:\/\/www.hof-gorisen.ch\/index.php?rest_route=\/wp\/v2\/types\/post"}],"author":[{"embeddable":true,"href":"http:\/\/www.hof-gorisen.ch\/index.php?rest_route=\/wp\/v2\/users\/1"}],"replies":[{"embeddable":true,"href":"http:\/\/www.hof-gorisen.ch\/index.php?rest_route=%2Fwp%2Fv2%2Fcomments&post=1300"}],"version-history":[{"count":3,"href":"http:\/\/www.hof-gorisen.ch\/index.php?rest_route=\/wp\/v2\/posts\/1300\/revisions"}],"predecessor-version":[{"id":1316,"href":"http:\/\/www.hof-gorisen.ch\/index.php?rest_route=\/wp\/v2\/posts\/1300\/revisions\/1316"}],"wp:featuredmedia":[{"embeddable":true,"href":"http:\/\/www.hof-gorisen.ch\/index.php?rest_route=\/wp\/v2\/media\/1308"}],"wp:attachment":[{"href":"http:\/\/www.hof-gorisen.ch\/index.php?rest_route=%2Fwp%2Fv2%2Fmedia&parent=1300"}],"wp:term":[{"taxonomy":"category","embeddable":true,"href":"http:\/\/www.hof-gorisen.ch\/index.php?rest_route=%2Fwp%2Fv2%2Fcategories&post=1300"},{"taxonomy":"post_tag","embeddable":true,"href":"http:\/\/www.hof-gorisen.ch\/index.php?rest_route=%2Fwp%2Fv2%2Ftags&post=1300"}],"curies":[{"name":"wp","href":"https:\/\/api.w.org\/{rel}","templated":true}]}}