{"id":1141,"date":"2022-11-06T16:47:37","date_gmt":"2022-11-06T15:47:37","guid":{"rendered":"http:\/\/www.hof-gorisen.ch\/?p=1141"},"modified":"2022-11-06T21:59:57","modified_gmt":"2022-11-06T20:59:57","slug":"jason-von-der-wieselweide-jojo","status":"publish","type":"post","link":"https:\/\/www.hof-gorisen.ch\/?p=1141","title":{"rendered":"Jason von der Wieselweide (Jojo)"},"content":{"rendered":"\n<p class=\"has-large-font-size\">Gratulation an Karin Wiedmer-Z\u00f6beli und Familie zu diesem tollen Deckr\u00fcden! Mit viel Engagement hat Karin Jojo zu einem wesensfesten Hund mit vielen Qualit\u00e4ten ausgebildet.<\/p>\n\n\n\n<p class=\"has-large-font-size\"><\/p>\n\n\n\n<figure class=\"wp-block-image size-large\"><a href=\"http:\/\/www.hof-gorisen.ch\/wp-content\/uploads\/2022\/11\/8F15471B-829C-4385-A191-972BBD334331-scaled.jpeg\"><img loading=\"lazy\" decoding=\"async\" width=\"683\" height=\"1024\" src=\"http:\/\/www.hof-gorisen.ch\/wp-content\/uploads\/2022\/11\/8F15471B-829C-4385-A191-972BBD334331-683x1024.jpeg\" alt=\"\" class=\"wp-image-1142\" srcset=\"https:\/\/www.hof-gorisen.ch\/wp-content\/uploads\/2022\/11\/8F15471B-829C-4385-A191-972BBD334331-683x1024.jpeg 683w, https:\/\/www.hof-gorisen.ch\/wp-content\/uploads\/2022\/11\/8F15471B-829C-4385-A191-972BBD334331-200x300.jpeg 200w, https:\/\/www.hof-gorisen.ch\/wp-content\/uploads\/2022\/11\/8F15471B-829C-4385-A191-972BBD334331-768x1152.jpeg 768w, https:\/\/www.hof-gorisen.ch\/wp-content\/uploads\/2022\/11\/8F15471B-829C-4385-A191-972BBD334331-1024x1536.jpeg 1024w, https:\/\/www.hof-gorisen.ch\/wp-content\/uploads\/2022\/11\/8F15471B-829C-4385-A191-972BBD334331-1365x2048.jpeg 1365w, https:\/\/www.hof-gorisen.ch\/wp-content\/uploads\/2022\/11\/8F15471B-829C-4385-A191-972BBD334331-scaled.jpeg 1707w\" sizes=\"auto, (max-width: 683px) 100vw, 683px\" \/><\/a><figcaption class=\"wp-element-caption\"><strong>Jason von der Wieselweide (Jojo)<\/strong> Foto Rahel Keller<\/figcaption><\/figure>\n\n\n\n<figure class=\"wp-block-image size-large\"><a href=\"http:\/\/www.hof-gorisen.ch\/wp-content\/uploads\/2022\/11\/D721E3D8-2C92-4116-AC64-C75BEE135E33-scaled.jpeg\"><img loading=\"lazy\" decoding=\"async\" width=\"1024\" height=\"683\" src=\"http:\/\/www.hof-gorisen.ch\/wp-content\/uploads\/2022\/11\/D721E3D8-2C92-4116-AC64-C75BEE135E33-1024x683.jpeg\" alt=\"\" class=\"wp-image-1144\" srcset=\"https:\/\/www.hof-gorisen.ch\/wp-content\/uploads\/2022\/11\/D721E3D8-2C92-4116-AC64-C75BEE135E33-1024x683.jpeg 1024w, https:\/\/www.hof-gorisen.ch\/wp-content\/uploads\/2022\/11\/D721E3D8-2C92-4116-AC64-C75BEE135E33-300x200.jpeg 300w, https:\/\/www.hof-gorisen.ch\/wp-content\/uploads\/2022\/11\/D721E3D8-2C92-4116-AC64-C75BEE135E33-768x512.jpeg 768w, https:\/\/www.hof-gorisen.ch\/wp-content\/uploads\/2022\/11\/D721E3D8-2C92-4116-AC64-C75BEE135E33-1536x1024.jpeg 1536w, https:\/\/www.hof-gorisen.ch\/wp-content\/uploads\/2022\/11\/D721E3D8-2C92-4116-AC64-C75BEE135E33-2048x1365.jpeg 2048w\" sizes=\"auto, (max-width: 1024px) 100vw, 1024px\" \/><\/a><\/figure>\n\n\n\n<p><\/p>\n\n\n\n<p><\/p>\n\n\n\n<p><\/p>\n\n\n\n<ul class=\"wp-block-list\">\n<li><\/li>\n<\/ul>\n\n\n\n<figure class=\"wp-block-image size-full\"><a href=\"http:\/\/www.hof-gorisen.ch\/wp-content\/uploads\/2022\/11\/Angaben-zu-Jojo.jpg\"><img loading=\"lazy\" decoding=\"async\" width=\"595\" height=\"841\" src=\"http:\/\/www.hof-gorisen.ch\/wp-content\/uploads\/2022\/11\/Angaben-zu-Jojo.jpg\" alt=\"\" class=\"wp-image-1146\" srcset=\"https:\/\/www.hof-gorisen.ch\/wp-content\/uploads\/2022\/11\/Angaben-zu-Jojo.jpg 595w, https:\/\/www.hof-gorisen.ch\/wp-content\/uploads\/2022\/11\/Angaben-zu-Jojo-212x300.jpg 212w\" sizes=\"auto, (max-width: 595px) 100vw, 595px\" \/><\/a><\/figure>\n\n\n\n<p><a href=\"https:\/\/www.jojo-wieselweide.ch\/kontakt\/\">www.jojo-wieselweide.ch<\/a><\/p>\n","protected":false},"excerpt":{"rendered":"<p>Gratulation an Karin Wiedmer-Z\u00f6beli und Familie zu diesem tollen Deckr\u00fcden! Mit viel Engagement hat Karin Jojo zu einem wesensfesten Hund<\/p>\n","protected":false},"author":1,"featured_media":1143,"comment_status":"closed","ping_status":"closed","sticky":false,"template":"","format":"standard","meta":{"footnotes":""},"categories":[1],"tags":[],"class_list":["post-1141","post","type-post","status-publish","format-standard","has-post-thumbnail","hentry","category-allgemein"],"_links":{"self":[{"href":"https:\/\/www.hof-gorisen.ch\/index.php?rest_route=\/wp\/v2\/posts\/1141","targetHints":{"allow":["GET"]}}],"collection":[{"href":"https:\/\/www.hof-gorisen.ch\/index.php?rest_route=\/wp\/v2\/posts"}],"about":[{"href":"https:\/\/www.hof-gorisen.ch\/index.php?rest_route=\/wp\/v2\/types\/post"}],"author":[{"embeddable":true,"href":"https:\/\/www.hof-gorisen.ch\/index.php?rest_route=\/wp\/v2\/users\/1"}],"replies":[{"embeddable":true,"href":"https:\/\/www.hof-gorisen.ch\/index.php?rest_route=%2Fwp%2Fv2%2Fcomments&post=1141"}],"version-history":[{"count":6,"href":"https:\/\/www.hof-gorisen.ch\/index.php?rest_route=\/wp\/v2\/posts\/1141\/revisions"}],"predecessor-version":[{"id":1154,"href":"https:\/\/www.hof-gorisen.ch\/index.php?rest_route=\/wp\/v2\/posts\/1141\/revisions\/1154"}],"wp:featuredmedia":[{"embeddable":true,"href":"https:\/\/www.hof-gorisen.ch\/index.php?rest_route=\/wp\/v2\/media\/1143"}],"wp:attachment":[{"href":"https:\/\/www.hof-gorisen.ch\/index.php?rest_route=%2Fwp%2Fv2%2Fmedia&parent=1141"}],"wp:term":[{"taxonomy":"category","embeddable":true,"href":"https:\/\/www.hof-gorisen.ch\/index.php?rest_route=%2Fwp%2Fv2%2Fcategories&post=1141"},{"taxonomy":"post_tag","embeddable":true,"href":"https:\/\/www.hof-gorisen.ch\/index.php?rest_route=%2Fwp%2Fv2%2Ftags&post=1141"}],"curies":[{"name":"wp","href":"https:\/\/api.w.org\/{rel}","templated":true}]}}