{"id":1678,"date":"2026-01-06T21:31:47","date_gmt":"2026-01-06T20:31:47","guid":{"rendered":"https:\/\/www.hof-gorisen.ch\/?p=1678"},"modified":"2026-01-20T21:49:34","modified_gmt":"2026-01-20T20:49:34","slug":"emma-von-der-wieselweide-21-09-2013-06-01-2026","status":"publish","type":"post","link":"https:\/\/www.hof-gorisen.ch\/?p=1678","title":{"rendered":"Emma von der Wieselweide 21.09.2013-06.01.2026"},"content":{"rendered":"\n<figure class=\"wp-block-image size-full wp-duotone-grayscale\"><a href=\"http:\/\/www.hof-gorisen.ch\/wp-content\/uploads\/2026\/01\/B0829B01-950B-4B70-B4AC-007FDD80DD8C_1_105_c.jpeg\"><img decoding=\"async\" src=\"http:\/\/www.hof-gorisen.ch\/wp-content\/uploads\/2026\/01\/B0829B01-950B-4B70-B4AC-007FDD80DD8C_1_105_c.jpeg\" alt=\"\" class=\"wp-image-1676\"\/><\/a><\/figure>\n\n\n\n<h2 class=\"wp-block-heading\">Wir sind unendlich traurig \u00fcber den Verlust von Emma. Sie wird uns f\u00fcr immer mit ihrer liebenswerten und sanftm\u00fctigen Art in Erinnerung bleiben und fehlen.<\/h2>\n\n\n\n<p><a href=\"https:\/\/www.hof-gorisen.ch\/?page_id=27\" data-type=\"page\" data-id=\"27\">Emma von der Wieselweide<\/a><\/p>\n\n\n\n<p><\/p>\n","protected":false},"excerpt":{"rendered":"<p>Wir sind unendlich traurig \u00fcber den Verlust von Emma. Sie wird uns f\u00fcr immer mit ihrer liebenswerten und sanftm\u00fctigen Art<\/p>\n","protected":false},"author":1,"featured_media":1655,"comment_status":"closed","ping_status":"closed","sticky":false,"template":"","format":"standard","meta":{"footnotes":""},"categories":[1],"tags":[],"class_list":["post-1678","post","type-post","status-publish","format-standard","has-post-thumbnail","hentry","category-allgemein"],"_links":{"self":[{"href":"https:\/\/www.hof-gorisen.ch\/index.php?rest_route=\/wp\/v2\/posts\/1678","targetHints":{"allow":["GET"]}}],"collection":[{"href":"https:\/\/www.hof-gorisen.ch\/index.php?rest_route=\/wp\/v2\/posts"}],"about":[{"href":"https:\/\/www.hof-gorisen.ch\/index.php?rest_route=\/wp\/v2\/types\/post"}],"author":[{"embeddable":true,"href":"https:\/\/www.hof-gorisen.ch\/index.php?rest_route=\/wp\/v2\/users\/1"}],"replies":[{"embeddable":true,"href":"https:\/\/www.hof-gorisen.ch\/index.php?rest_route=%2Fwp%2Fv2%2Fcomments&post=1678"}],"version-history":[{"count":2,"href":"https:\/\/www.hof-gorisen.ch\/index.php?rest_route=\/wp\/v2\/posts\/1678\/revisions"}],"predecessor-version":[{"id":1684,"href":"https:\/\/www.hof-gorisen.ch\/index.php?rest_route=\/wp\/v2\/posts\/1678\/revisions\/1684"}],"wp:featuredmedia":[{"embeddable":true,"href":"https:\/\/www.hof-gorisen.ch\/index.php?rest_route=\/wp\/v2\/media\/1655"}],"wp:attachment":[{"href":"https:\/\/www.hof-gorisen.ch\/index.php?rest_route=%2Fwp%2Fv2%2Fmedia&parent=1678"}],"wp:term":[{"taxonomy":"category","embeddable":true,"href":"https:\/\/www.hof-gorisen.ch\/index.php?rest_route=%2Fwp%2Fv2%2Fcategories&post=1678"},{"taxonomy":"post_tag","embeddable":true,"href":"https:\/\/www.hof-gorisen.ch\/index.php?rest_route=%2Fwp%2Fv2%2Ftags&post=1678"}],"curies":[{"name":"wp","href":"https:\/\/api.w.org\/{rel}","templated":true}]}}