{"id":754,"date":"2020-01-25T20:43:00","date_gmt":"2020-01-25T19:43:00","guid":{"rendered":"http:\/\/www.hof-gorisen.ch\/?p=754"},"modified":"2020-06-29T12:13:57","modified_gmt":"2020-06-29T10:13:57","slug":"mira-und-liam-welpen-sind-da-25-januar-2020","status":"publish","type":"post","link":"https:\/\/www.hof-gorisen.ch\/?p=754","title":{"rendered":"Mira und Liam Welpen sind da!          25. Januar 2020"},"content":{"rendered":"\n<h2 class=\"wp-block-heading\">Alle unsere Welpen sind vergeben!<\/h2>\n\n\n\n<figure class=\"wp-block-image size-large\"><img loading=\"lazy\" decoding=\"async\" width=\"640\" height=\"480\" src=\"http:\/\/www.hof-gorisen.ch\/wp-content\/uploads\/2020\/01\/IMG_0836.jpg\" alt=\"\" class=\"wp-image-755\" srcset=\"https:\/\/www.hof-gorisen.ch\/wp-content\/uploads\/2020\/01\/IMG_0836.jpg 640w, https:\/\/www.hof-gorisen.ch\/wp-content\/uploads\/2020\/01\/IMG_0836-300x225.jpg 300w\" sizes=\"auto, (max-width: 640px) 100vw, 640px\" \/><\/figure>\n\n\n\n<figure class=\"wp-block-image size-large\"><img loading=\"lazy\" decoding=\"async\" width=\"640\" height=\"480\" src=\"http:\/\/www.hof-gorisen.ch\/wp-content\/uploads\/2020\/01\/IMG_0843-e1580067656840.jpg\" alt=\"\" class=\"wp-image-758\" srcset=\"https:\/\/www.hof-gorisen.ch\/wp-content\/uploads\/2020\/01\/IMG_0843-e1580067656840.jpg 640w, https:\/\/www.hof-gorisen.ch\/wp-content\/uploads\/2020\/01\/IMG_0843-e1580067656840-300x225.jpg 300w\" sizes=\"auto, (max-width: 640px) 100vw, 640px\" \/><figcaption><strong>Wir sind unendlich Dankbar f\u00fcr diese wundervollen 11 Welpen. 7 H\u00fcndinnen und 4 R\u00fcden werden uns nun die n\u00e4chsten Wochen viel Freude bereiten. Unsere tolle Amme Miley hilft von der ersten Stunde an und unterst\u00fctzt die liebevolle Mami Mira.<\/strong><\/figcaption><\/figure>\n\n\n\n<figure class=\"wp-block-image size-large\"><img loading=\"lazy\" decoding=\"async\" width=\"1024\" height=\"576\" src=\"http:\/\/www.hof-gorisen.ch\/wp-content\/uploads\/2020\/01\/AAFFCADC-764A-48F7-925C-FF791589B085-1024x576.jpg\" alt=\"\" class=\"wp-image-761\" srcset=\"https:\/\/www.hof-gorisen.ch\/wp-content\/uploads\/2020\/01\/AAFFCADC-764A-48F7-925C-FF791589B085-1024x576.jpg 1024w, https:\/\/www.hof-gorisen.ch\/wp-content\/uploads\/2020\/01\/AAFFCADC-764A-48F7-925C-FF791589B085-300x169.jpg 300w, https:\/\/www.hof-gorisen.ch\/wp-content\/uploads\/2020\/01\/AAFFCADC-764A-48F7-925C-FF791589B085-768x432.jpg 768w, https:\/\/www.hof-gorisen.ch\/wp-content\/uploads\/2020\/01\/AAFFCADC-764A-48F7-925C-FF791589B085-1536x865.jpg 1536w, https:\/\/www.hof-gorisen.ch\/wp-content\/uploads\/2020\/01\/AAFFCADC-764A-48F7-925C-FF791589B085.jpg 1862w\" sizes=\"auto, (max-width: 1024px) 100vw, 1024px\" \/><\/figure>\n","protected":false},"excerpt":{"rendered":"<p>Alle unsere Welpen sind vergeben!<\/p>\n","protected":false},"author":1,"featured_media":757,"comment_status":"closed","ping_status":"closed","sticky":false,"template":"","format":"standard","meta":{"footnotes":""},"categories":[1,12],"tags":[],"class_list":["post-754","post","type-post","status-publish","format-standard","has-post-thumbnail","hentry","category-allgemein","category-l-wurf"],"_links":{"self":[{"href":"https:\/\/www.hof-gorisen.ch\/index.php?rest_route=\/wp\/v2\/posts\/754","targetHints":{"allow":["GET"]}}],"collection":[{"href":"https:\/\/www.hof-gorisen.ch\/index.php?rest_route=\/wp\/v2\/posts"}],"about":[{"href":"https:\/\/www.hof-gorisen.ch\/index.php?rest_route=\/wp\/v2\/types\/post"}],"author":[{"embeddable":true,"href":"https:\/\/www.hof-gorisen.ch\/index.php?rest_route=\/wp\/v2\/users\/1"}],"replies":[{"embeddable":true,"href":"https:\/\/www.hof-gorisen.ch\/index.php?rest_route=%2Fwp%2Fv2%2Fcomments&post=754"}],"version-history":[{"count":7,"href":"https:\/\/www.hof-gorisen.ch\/index.php?rest_route=\/wp\/v2\/posts\/754\/revisions"}],"predecessor-version":[{"id":824,"href":"https:\/\/www.hof-gorisen.ch\/index.php?rest_route=\/wp\/v2\/posts\/754\/revisions\/824"}],"wp:featuredmedia":[{"embeddable":true,"href":"https:\/\/www.hof-gorisen.ch\/index.php?rest_route=\/wp\/v2\/media\/757"}],"wp:attachment":[{"href":"https:\/\/www.hof-gorisen.ch\/index.php?rest_route=%2Fwp%2Fv2%2Fmedia&parent=754"}],"wp:term":[{"taxonomy":"category","embeddable":true,"href":"https:\/\/www.hof-gorisen.ch\/index.php?rest_route=%2Fwp%2Fv2%2Fcategories&post=754"},{"taxonomy":"post_tag","embeddable":true,"href":"https:\/\/www.hof-gorisen.ch\/index.php?rest_route=%2Fwp%2Fv2%2Ftags&post=754"}],"curies":[{"name":"wp","href":"https:\/\/api.w.org\/{rel}","templated":true}]}}