{"id":837,"date":"2020-07-05T11:07:32","date_gmt":"2020-07-05T09:07:32","guid":{"rendered":"http:\/\/www.hof-gorisen.ch\/?p=837"},"modified":"2020-07-05T11:14:57","modified_gmt":"2020-07-05T09:14:57","slug":"a-wurf-treffen-4-7-2020","status":"publish","type":"post","link":"https:\/\/www.hof-gorisen.ch\/?p=837","title":{"rendered":"A-Wurf Treffen 4.7.2020"},"content":{"rendered":"\n<p>Ein ganz besonderer Moment f\u00fcr mich als Z\u00fcchterin nach 10 Jahren meinen A-Wurf zu treffen. Besonders sch\u00f6n das die bald 14 J\u00e4hrige Mama Vera und die 11 J\u00e4hrige Amme Miley auch dabei sein konnten. Wir genossen friedliche Zeit zusammen mit vielen Hunden und lieben Menschen. Danke an alle!<\/p>\n\n\n\n<figure class=\"wp-block-gallery columns-2 is-cropped wp-block-gallery-1 is-layout-flex wp-block-gallery-is-layout-flex\"><ul class=\"blocks-gallery-grid\"><li class=\"blocks-gallery-item\"><figure><img loading=\"lazy\" decoding=\"async\" width=\"1024\" height=\"683\" src=\"http:\/\/www.hof-gorisen.ch\/wp-content\/uploads\/2020\/07\/2P6A1216-1024x683.jpg\" alt=\"\" data-id=\"838\" data-link=\"http:\/\/www.hof-gorisen.ch\/?attachment_id=838\" class=\"wp-image-838\" srcset=\"https:\/\/www.hof-gorisen.ch\/wp-content\/uploads\/2020\/07\/2P6A1216-1024x683.jpg 1024w, https:\/\/www.hof-gorisen.ch\/wp-content\/uploads\/2020\/07\/2P6A1216-300x200.jpg 300w, https:\/\/www.hof-gorisen.ch\/wp-content\/uploads\/2020\/07\/2P6A1216-768x512.jpg 768w, https:\/\/www.hof-gorisen.ch\/wp-content\/uploads\/2020\/07\/2P6A1216-1536x1024.jpg 1536w, https:\/\/www.hof-gorisen.ch\/wp-content\/uploads\/2020\/07\/2P6A1216-2048x1365.jpg 2048w\" sizes=\"auto, (max-width: 1024px) 100vw, 1024px\" \/><\/figure><\/li><li class=\"blocks-gallery-item\"><figure><img loading=\"lazy\" decoding=\"async\" width=\"1024\" height=\"683\" src=\"http:\/\/www.hof-gorisen.ch\/wp-content\/uploads\/2020\/07\/2P6A1178-1024x683.jpg\" alt=\"\" data-id=\"839\" data-full-url=\"http:\/\/www.hof-gorisen.ch\/wp-content\/uploads\/2020\/07\/2P6A1178-scaled.jpg\" data-link=\"http:\/\/www.hof-gorisen.ch\/?attachment_id=839\" class=\"wp-image-839\" srcset=\"https:\/\/www.hof-gorisen.ch\/wp-content\/uploads\/2020\/07\/2P6A1178-1024x683.jpg 1024w, https:\/\/www.hof-gorisen.ch\/wp-content\/uploads\/2020\/07\/2P6A1178-300x200.jpg 300w, https:\/\/www.hof-gorisen.ch\/wp-content\/uploads\/2020\/07\/2P6A1178-768x512.jpg 768w, https:\/\/www.hof-gorisen.ch\/wp-content\/uploads\/2020\/07\/2P6A1178-1536x1024.jpg 1536w, https:\/\/www.hof-gorisen.ch\/wp-content\/uploads\/2020\/07\/2P6A1178-2048x1365.jpg 2048w\" sizes=\"auto, (max-width: 1024px) 100vw, 1024px\" \/><figcaption class=\"blocks-gallery-item__caption\">Vera<\/figcaption><\/figure><\/li><\/ul><\/figure>\n","protected":false},"excerpt":{"rendered":"<p>Ein ganz besonderer Moment f\u00fcr mich als Z\u00fcchterin nach 10 Jahren meinen A-Wurf zu treffen. Besonders sch\u00f6n das die bald<\/p>\n","protected":false},"author":1,"featured_media":842,"comment_status":"closed","ping_status":"closed","sticky":false,"template":"","format":"standard","meta":{"footnotes":""},"categories":[1],"tags":[],"class_list":["post-837","post","type-post","status-publish","format-standard","has-post-thumbnail","hentry","category-allgemein"],"_links":{"self":[{"href":"https:\/\/www.hof-gorisen.ch\/index.php?rest_route=\/wp\/v2\/posts\/837","targetHints":{"allow":["GET"]}}],"collection":[{"href":"https:\/\/www.hof-gorisen.ch\/index.php?rest_route=\/wp\/v2\/posts"}],"about":[{"href":"https:\/\/www.hof-gorisen.ch\/index.php?rest_route=\/wp\/v2\/types\/post"}],"author":[{"embeddable":true,"href":"https:\/\/www.hof-gorisen.ch\/index.php?rest_route=\/wp\/v2\/users\/1"}],"replies":[{"embeddable":true,"href":"https:\/\/www.hof-gorisen.ch\/index.php?rest_route=%2Fwp%2Fv2%2Fcomments&post=837"}],"version-history":[{"count":4,"href":"https:\/\/www.hof-gorisen.ch\/index.php?rest_route=\/wp\/v2\/posts\/837\/revisions"}],"predecessor-version":[{"id":844,"href":"https:\/\/www.hof-gorisen.ch\/index.php?rest_route=\/wp\/v2\/posts\/837\/revisions\/844"}],"wp:featuredmedia":[{"embeddable":true,"href":"https:\/\/www.hof-gorisen.ch\/index.php?rest_route=\/wp\/v2\/media\/842"}],"wp:attachment":[{"href":"https:\/\/www.hof-gorisen.ch\/index.php?rest_route=%2Fwp%2Fv2%2Fmedia&parent=837"}],"wp:term":[{"taxonomy":"category","embeddable":true,"href":"https:\/\/www.hof-gorisen.ch\/index.php?rest_route=%2Fwp%2Fv2%2Fcategories&post=837"},{"taxonomy":"post_tag","embeddable":true,"href":"https:\/\/www.hof-gorisen.ch\/index.php?rest_route=%2Fwp%2Fv2%2Ftags&post=837"}],"curies":[{"name":"wp","href":"https:\/\/api.w.org\/{rel}","templated":true}]}}