{"id":901,"date":"2020-09-15T13:10:42","date_gmt":"2020-09-15T11:10:42","guid":{"rendered":"http:\/\/www.hof-gorisen.ch\/?p=901"},"modified":"2020-09-15T13:13:33","modified_gmt":"2020-09-15T11:13:33","slug":"besuch-von-papa-liam-m-wurf","status":"publish","type":"post","link":"https:\/\/www.hof-gorisen.ch\/?p=901","title":{"rendered":"Besuch von Papa Liam M-Wurf"},"content":{"rendered":"\n<p>Danke liebe Monika, Anita und Selina f\u00fcr den Besuch mit Liam bei unserem M-Wurf. Ganz grosses Kompliment f\u00fcr Selina f\u00fcr die wundersch\u00f6nen Fotos!<\/p>\n","protected":false},"excerpt":{"rendered":"<p>Danke liebe Monika, Anita und Selina f\u00fcr den Besuch mit Liam bei unserem M-Wurf. Ganz grosses Kompliment f\u00fcr Selina f\u00fcr<\/p>\n","protected":false},"author":1,"featured_media":887,"comment_status":"closed","ping_status":"closed","sticky":false,"template":"","format":"standard","meta":{"footnotes":""},"categories":[1],"tags":[],"class_list":["post-901","post","type-post","status-publish","format-standard","has-post-thumbnail","hentry","category-allgemein"],"_links":{"self":[{"href":"https:\/\/www.hof-gorisen.ch\/index.php?rest_route=\/wp\/v2\/posts\/901","targetHints":{"allow":["GET"]}}],"collection":[{"href":"https:\/\/www.hof-gorisen.ch\/index.php?rest_route=\/wp\/v2\/posts"}],"about":[{"href":"https:\/\/www.hof-gorisen.ch\/index.php?rest_route=\/wp\/v2\/types\/post"}],"author":[{"embeddable":true,"href":"https:\/\/www.hof-gorisen.ch\/index.php?rest_route=\/wp\/v2\/users\/1"}],"replies":[{"embeddable":true,"href":"https:\/\/www.hof-gorisen.ch\/index.php?rest_route=%2Fwp%2Fv2%2Fcomments&post=901"}],"version-history":[{"count":3,"href":"https:\/\/www.hof-gorisen.ch\/index.php?rest_route=\/wp\/v2\/posts\/901\/revisions"}],"predecessor-version":[{"id":904,"href":"https:\/\/www.hof-gorisen.ch\/index.php?rest_route=\/wp\/v2\/posts\/901\/revisions\/904"}],"wp:featuredmedia":[{"embeddable":true,"href":"https:\/\/www.hof-gorisen.ch\/index.php?rest_route=\/wp\/v2\/media\/887"}],"wp:attachment":[{"href":"https:\/\/www.hof-gorisen.ch\/index.php?rest_route=%2Fwp%2Fv2%2Fmedia&parent=901"}],"wp:term":[{"taxonomy":"category","embeddable":true,"href":"https:\/\/www.hof-gorisen.ch\/index.php?rest_route=%2Fwp%2Fv2%2Fcategories&post=901"},{"taxonomy":"post_tag","embeddable":true,"href":"https:\/\/www.hof-gorisen.ch\/index.php?rest_route=%2Fwp%2Fv2%2Ftags&post=901"}],"curies":[{"name":"wp","href":"https:\/\/api.w.org\/{rel}","templated":true}]}}