{"id":909,"date":"2020-09-30T21:49:42","date_gmt":"2020-09-30T19:49:42","guid":{"rendered":"http:\/\/www.hof-gorisen.ch\/?p=909"},"modified":"2020-11-28T11:06:11","modified_gmt":"2020-11-28T10:06:11","slug":"wurfplanung-millie","status":"publish","type":"post","link":"https:\/\/www.hof-gorisen.ch\/?p=909","title":{"rendered":"Wurfplanung Millie"},"content":{"rendered":"\n<h2 class=\"wp-block-heading\">Wir waren mit Millie im sch\u00f6nen Allg\u00e4u bei dem tollen R\u00fcden Simply the best vom Schloss Hellenstein (Knut) wir hoffen nun auf Welpen Anfang Dezember<\/h2>\n\n\n\n<figure class=\"wp-block-image size-large\"><img loading=\"lazy\" decoding=\"async\" width=\"1024\" height=\"1024\" src=\"http:\/\/www.hof-gorisen.ch\/wp-content\/uploads\/2020\/09\/IMG_1912-1-1024x1024.jpg\" alt=\"\" class=\"wp-image-913\" srcset=\"https:\/\/www.hof-gorisen.ch\/wp-content\/uploads\/2020\/09\/IMG_1912-1-1024x1024.jpg 1024w, https:\/\/www.hof-gorisen.ch\/wp-content\/uploads\/2020\/09\/IMG_1912-1-300x300.jpg 300w, https:\/\/www.hof-gorisen.ch\/wp-content\/uploads\/2020\/09\/IMG_1912-1-150x150.jpg 150w, https:\/\/www.hof-gorisen.ch\/wp-content\/uploads\/2020\/09\/IMG_1912-1-768x768.jpg 768w, https:\/\/www.hof-gorisen.ch\/wp-content\/uploads\/2020\/09\/IMG_1912-1.jpg 1200w\" sizes=\"auto, (max-width: 1024px) 100vw, 1024px\" \/><\/figure>\n","protected":false},"excerpt":{"rendered":"<p>Wir waren mit Millie im sch\u00f6nen Allg\u00e4u bei dem tollen R\u00fcden Simply the best vom Schloss Hellenstein (Knut) wir hoffen<\/p>\n","protected":false},"author":1,"featured_media":664,"comment_status":"closed","ping_status":"closed","sticky":false,"template":"","format":"standard","meta":{"footnotes":""},"categories":[1],"tags":[],"class_list":["post-909","post","type-post","status-publish","format-standard","has-post-thumbnail","hentry","category-allgemein"],"_links":{"self":[{"href":"https:\/\/www.hof-gorisen.ch\/index.php?rest_route=\/wp\/v2\/posts\/909","targetHints":{"allow":["GET"]}}],"collection":[{"href":"https:\/\/www.hof-gorisen.ch\/index.php?rest_route=\/wp\/v2\/posts"}],"about":[{"href":"https:\/\/www.hof-gorisen.ch\/index.php?rest_route=\/wp\/v2\/types\/post"}],"author":[{"embeddable":true,"href":"https:\/\/www.hof-gorisen.ch\/index.php?rest_route=\/wp\/v2\/users\/1"}],"replies":[{"embeddable":true,"href":"https:\/\/www.hof-gorisen.ch\/index.php?rest_route=%2Fwp%2Fv2%2Fcomments&post=909"}],"version-history":[{"count":3,"href":"https:\/\/www.hof-gorisen.ch\/index.php?rest_route=\/wp\/v2\/posts\/909\/revisions"}],"predecessor-version":[{"id":920,"href":"https:\/\/www.hof-gorisen.ch\/index.php?rest_route=\/wp\/v2\/posts\/909\/revisions\/920"}],"wp:featuredmedia":[{"embeddable":true,"href":"https:\/\/www.hof-gorisen.ch\/index.php?rest_route=\/wp\/v2\/media\/664"}],"wp:attachment":[{"href":"https:\/\/www.hof-gorisen.ch\/index.php?rest_route=%2Fwp%2Fv2%2Fmedia&parent=909"}],"wp:term":[{"taxonomy":"category","embeddable":true,"href":"https:\/\/www.hof-gorisen.ch\/index.php?rest_route=%2Fwp%2Fv2%2Fcategories&post=909"},{"taxonomy":"post_tag","embeddable":true,"href":"https:\/\/www.hof-gorisen.ch\/index.php?rest_route=%2Fwp%2Fv2%2Ftags&post=909"}],"curies":[{"name":"wp","href":"https:\/\/api.w.org\/{rel}","templated":true}]}}